{"id":304,"date":"2026-04-16T12:00:31","date_gmt":"2026-04-16T15:00:31","guid":{"rendered":"https:\/\/buenosayres.com.ar\/?p=304"},"modified":"2026-04-30T12:52:44","modified_gmt":"2026-04-30T15:52:44","slug":"la-ciudad-cerro-un-taller-clandestino-en-una-casa-usurpada","status":"publish","type":"post","link":"https:\/\/buenosayres.com.ar\/?p=304","title":{"rendered":"La Ciudad cerr\u00f3 un taller clandestino en una casa usurpada"},"content":{"rendered":"<p>La Ciudad <strong>recuper\u00f3 una propiedad usurpada donde funcionaba un taller textil clandestino en Parque Chas<\/strong>, tras un operativo de la Polic\u00eda porte\u00f1a. Hab\u00eda menores que trabajaban en el lugar, y un inmigrante ilegal fue detenido y ser\u00e1 echado del pa\u00eds.<\/p>\n<p>El procedimiento fue ordenado por la <strong>Unidad de Flagrancia Norte <\/strong>a cargo de la fiscal <strong>Mar\u00eda Andrea Caleri<\/strong>, ya que el lugar ten\u00eda una clausura por riesgo edilicio de la <strong>Agencia Gubernamental de Control (AGC)<\/strong>.<\/p>\n<p>El ph de<strong> Barzana 1236<\/strong>, a una cuadra y media de la avenida De los Constituyentes, estuvo usurpado por m\u00e1s de 15 a\u00f1os y los oficiales debieron ingresar por la fuerza, ya que los okupas, algunos de ellos de nacionalidad boliviana, se negaban a abrirles. En la planta baja hab\u00edan montado un taller textil clandestino y en la terraza construyeron viviendas precarias sin permiso de obra.<\/p>\n<p>\u201cEsto es lo que protegen los defensores de okupas.\u00a0Una casa usurpada por 15 a\u00f1os y adentro 17 menores explotados por extranjeros en un taller textil clandestino. Rescatamos a los chicos y el inmigrante ilegal ser\u00e1 expulsado del pa\u00eds. Ley y orden \u201d, sostuvo el Jefe de Gobierno, <strong>Jorge Macri<\/strong>.<\/p>\n<p>Autoridades del <strong>Consejo de los Derechos de Ni\u00f1as, Ni\u00f1os y Adolescentes<\/strong> comprobaron que hab\u00eda menores que trabajaban all\u00ed. Se le dio intervenci\u00f3n tambi\u00e9n a la <strong>Direcci\u00f3n de Migraciones <\/strong>y result\u00f3 que all\u00ed viv\u00eda un inmigrante boliviano que ten\u00eda orden de detenci\u00f3n por pedido del <strong>Juzgado Nacional Contencioso Administrativo Federal 7<\/strong>, a cargo de <strong>Lara Correa<\/strong>. Le hab\u00edan cancelado la residencia a fines de 2022.<\/p>\n<p>Para garantizar el orden y respetar la propiedad privada en la gesti\u00f3n de Jorge Macri <strong>ya fueron recuperadas 740 casas tomadas y restituidas a sus due\u00f1os<\/strong>.<\/p>\n<p>El Jefe de Gobierno agreg\u00f3: \u201cEn torno a una vivienda ocupada ocurren muchas cosas malas. Hay narcomenudeo, mucho delito que se oculta. Lo que arranca mal termina peor. Est\u00e1 el que sale y roba, o aprieta como trapito; hay derechos de ni\u00f1os vulnerados, hay trata. Y hay gente buena que paga un alquiler de buena fe por un lugar invivible. Si alguien cree que eso es libertad, no entendi\u00f3 nada\u201d.<\/p>\n<p><strong>En poco m\u00e1s de dos a\u00f1os<\/strong> fueron desalojados ex hoteles tomados donde se vend\u00edan drogas y se refugiaban tratantes de personas en Constituci\u00f3n, San Telmo y Flores. Hay propiedades recuperadas que se convirtieron en centros de inclusi\u00f3n familiar, como el Hotel \u201cSol y Luna\u201d de Balvanera, o en comercios, como fue el caso de Fulvio Arrigoni, due\u00f1o de una popular cantina en La Boca y que, tras la restituci\u00f3n de un inmueble tomado, pudo ampliar su restaurante.<\/p>\n<p>En otro de los predios recuperados, usurpado por m\u00e1s de dos d\u00e9cadas, en la avenida La Plata 2253, <strong>se construir\u00e1 un edificio de departamentos destinado a la clase media y polic\u00edas de la Ciudad<\/strong>. Se usar\u00e1n fondos del Instituto de la Vivienda que antes se destinaban a la urbanizaci\u00f3n de villas, junto con una l\u00ednea de cr\u00e9ditos hipotecarios del Banco Ciudad.<\/p>\n<p>Y como parte del <strong>plan de ordenamiento urbano<\/strong>, la Ciudad tambi\u00e9n desaloj\u00f3 m\u00e1s de 680 cuadras de manteros que hab\u00edan ocupado las veredas de Once, Retiro, Parque Centenario, Constituci\u00f3n, Chacarita, Parque Patricios, Liniers, Parque Saavedra, Flores y Mataderos.<\/p>\n","protected":false},"excerpt":{"rendered":"<p>La Ciudad recuper\u00f3 una propiedad usurpada donde funcionaba un taller textil clandestino en Parque Chas, tras un operativo de la Polic\u00eda porte\u00f1a. Hab\u00eda menores que trabajaban en el lugar, y un inmigrante ilegal fue detenido y ser\u00e1 echado del pa\u00eds. El procedimiento fue ordenado por la Unidad de Flagrancia Norte a cargo de la fiscal &hellip; <\/p>\n<p class=\"link-more\"><a href=\"https:\/\/buenosayres.com.ar\/?p=304\" class=\"more-link\">Continue reading<span class=\"screen-reader-text\"> &#8220;La Ciudad cerr\u00f3 un taller clandestino en una casa usurpada&#8221;<\/span><\/a><\/p>\n","protected":false},"author":1,"featured_media":305,"comment_status":"open","ping_status":"open","sticky":false,"template":"","format":"standard","meta":{"footnotes":""},"categories":[1],"tags":[],"class_list":["post-304","post","type-post","status-publish","format-standard","has-post-thumbnail","hentry","category-general"],"_links":{"self":[{"href":"https:\/\/buenosayres.com.ar\/index.php?rest_route=\/wp\/v2\/posts\/304"}],"collection":[{"href":"https:\/\/buenosayres.com.ar\/index.php?rest_route=\/wp\/v2\/posts"}],"about":[{"href":"https:\/\/buenosayres.com.ar\/index.php?rest_route=\/wp\/v2\/types\/post"}],"author":[{"embeddable":true,"href":"https:\/\/buenosayres.com.ar\/index.php?rest_route=\/wp\/v2\/users\/1"}],"replies":[{"embeddable":true,"href":"https:\/\/buenosayres.com.ar\/index.php?rest_route=%2Fwp%2Fv2%2Fcomments&post=304"}],"version-history":[{"count":1,"href":"https:\/\/buenosayres.com.ar\/index.php?rest_route=\/wp\/v2\/posts\/304\/revisions"}],"predecessor-version":[{"id":306,"href":"https:\/\/buenosayres.com.ar\/index.php?rest_route=\/wp\/v2\/posts\/304\/revisions\/306"}],"wp:featuredmedia":[{"embeddable":true,"href":"https:\/\/buenosayres.com.ar\/index.php?rest_route=\/wp\/v2\/media\/305"}],"wp:attachment":[{"href":"https:\/\/buenosayres.com.ar\/index.php?rest_route=%2Fwp%2Fv2%2Fmedia&parent=304"}],"wp:term":[{"taxonomy":"category","embeddable":true,"href":"https:\/\/buenosayres.com.ar\/index.php?rest_route=%2Fwp%2Fv2%2Fcategories&post=304"},{"taxonomy":"post_tag","embeddable":true,"href":"https:\/\/buenosayres.com.ar\/index.php?rest_route=%2Fwp%2Fv2%2Ftags&post=304"}],"curies":[{"name":"wp","href":"https:\/\/api.w.org\/{rel}","templated":true}]}}