{"id":307,"date":"2026-04-18T12:00:38","date_gmt":"2026-04-18T15:00:38","guid":{"rendered":"https:\/\/buenosayres.com.ar\/?p=307"},"modified":"2026-04-30T12:57:12","modified_gmt":"2026-04-30T15:57:12","slug":"la-ciudad-fortalece-el-trabajo-con-las-comunas-a-traves-del-consejo-de-coordinacion-intercomunal","status":"publish","type":"post","link":"https:\/\/buenosayres.com.ar\/?p=307","title":{"rendered":"La Ciudad fortalece el trabajo con las Comunas a trav\u00e9s del Consejo de Coordinaci\u00f3n Intercomunal"},"content":{"rendered":"<p>El Gobierno de la Ciudad llev\u00f3 adelante una nueva reuni\u00f3n del<strong> Consejo de Coordinaci\u00f3n Intercomunal (CCI)<\/strong>, en lo que representa la consolidaci\u00f3n de este espacio institucional de trabajo como una herramienta central para articular la gesti\u00f3n entre el Ejecutivo porte\u00f1o y los presidentes de las 15 comunas.<\/p>\n<p>La jornada, organizada por la Secretar\u00eda de Gobierno y V\u00ednculo Ciudadano, reafirm\u00f3 el objetivo de fortalecer este organismo como un <strong>canal efectivo para analizar y dar respuesta a las necesidades, problem\u00e1ticas y propuestas de los vecinos <\/strong>de todos los barrios. La l\u00f3gica es mantener un trabajo coordinado, descentralizado y permanente entre las distintas administraciones.<\/p>\n<p>El eje reside en la b\u00fasqueda de soluciones a los distintos requerimientos y situaciones que afectan a los ciudadanos a escala barrial en distintas \u00e1reas como la seguridad, la participaci\u00f3n vecinal, los servicios e infraestructuras a trav\u00e9s de reuniones peri\u00f3dicas. Para ello, se cuenta con comisiones de trabajo y colaboraciones activas que generan propuestas concretas para mejorar la calidad de vida de los vecinos.<\/p>\n<p>Silvia Collin, presidenta de la Junta Comunal 3, subray\u00f3 la relevancia del encuentro al afirmar: \u201cAcabamos de terminar la reuni\u00f3n del Consejo Intercomunal con el secretario y los subsecretarios, en la cual discutimos la agenda que nos compromete a todas las comunas\u201d, y explic\u00f3 que durante la jornada analizaron el funcionamiento de la gesti\u00f3n porte\u00f1a, las principales cuestiones de la agenda de la Ciudad y las herramientas necesarias para optimizar el trabajo en cada distrito. En ese sentido, remarc\u00f3 que estos espacios permiten \u201cmejorar nuestra gesti\u00f3n y, al mismo tiempo, articular acciones para que los vecinos tengan las mejores respuestas a sus problemas\u201d.<\/p>\n<p>El encuentro incluy\u00f3 una agenda de trabajo centrada en SLA y productividad, una presentaci\u00f3n de la Agencia Gubernamental de Control (AGC) y el avance en las distintas comisiones del CCI.<\/p>\n<p>El Consejo de Coordinaci\u00f3n Intercomunal funciona como el principal \u00f3rgano de discusi\u00f3n, articulaci\u00f3n y consenso entre las comunas y el Poder Ejecutivo de la Ciudad. Su rol es clave dentro del proceso de descentralizaci\u00f3n pol\u00edtico-administrativa, ya que vincula las demandas territoriales con todas las \u00e1reas ministeriales para desarrollar soluciones ajustadas a las particularidades de cada barrio.<\/p>\n<p>Entre sus principales atribuciones, el Consejo aborda las asignaciones legales destinadas a las comunas, articula la planificaci\u00f3n de inversiones y acuerda el contenido de las jurisdicciones comunales dentro del Presupuesto General de Gastos y Recursos de la Ciudad, a partir de los anteproyectos presupuestarios comunales participativamente elaborados.<\/p>\n<p>Al organismo tambi\u00e9n le corresponde coordinar los programas anuales de acci\u00f3n de cada comuna y proponer criterios de integraci\u00f3n t\u00e9cnica, funcional y administrativa de las comunas con el Poder Ejecutivo. Tambi\u00e9n se encarga de mediar frente a superposiciones de competencias entre distintas comunas y de promover programas de capacitaci\u00f3n y difusi\u00f3n del sistema comunal, entre otras funciones.<\/p>\n<p>La reactivaci\u00f3n de este espacio representa, para la actual gesti\u00f3n, una <strong>apuesta por el trabajo colaborativo<\/strong> convirti\u00e9ndolo en una herramienta concreta de gesti\u00f3n territorial. Con esta nueva etapa, el CCI busca consolidarse como una mesa de trabajo permanente en la que las comunas no solo puedan expresar sus demandas sino que tambi\u00e9n participen activamente en el dise\u00f1o de soluciones para los vecinos de cada rinc\u00f3n de Buenos Aires.<\/p>\n","protected":false},"excerpt":{"rendered":"<p>El Gobierno de la Ciudad llev\u00f3 adelante una nueva reuni\u00f3n del Consejo de Coordinaci\u00f3n Intercomunal (CCI), en lo que representa la consolidaci\u00f3n de este espacio institucional de trabajo como una herramienta central para articular la gesti\u00f3n entre el Ejecutivo porte\u00f1o y los presidentes de las 15 comunas. La jornada, organizada por la Secretar\u00eda de Gobierno &hellip; <\/p>\n<p class=\"link-more\"><a href=\"https:\/\/buenosayres.com.ar\/?p=307\" class=\"more-link\">Continue reading<span class=\"screen-reader-text\"> &#8220;La Ciudad fortalece el trabajo con las Comunas a trav\u00e9s del Consejo de Coordinaci\u00f3n Intercomunal&#8221;<\/span><\/a><\/p>\n","protected":false},"author":1,"featured_media":308,"comment_status":"open","ping_status":"open","sticky":false,"template":"","format":"standard","meta":{"footnotes":""},"categories":[1],"tags":[],"class_list":["post-307","post","type-post","status-publish","format-standard","has-post-thumbnail","hentry","category-general"],"_links":{"self":[{"href":"https:\/\/buenosayres.com.ar\/index.php?rest_route=\/wp\/v2\/posts\/307"}],"collection":[{"href":"https:\/\/buenosayres.com.ar\/index.php?rest_route=\/wp\/v2\/posts"}],"about":[{"href":"https:\/\/buenosayres.com.ar\/index.php?rest_route=\/wp\/v2\/types\/post"}],"author":[{"embeddable":true,"href":"https:\/\/buenosayres.com.ar\/index.php?rest_route=\/wp\/v2\/users\/1"}],"replies":[{"embeddable":true,"href":"https:\/\/buenosayres.com.ar\/index.php?rest_route=%2Fwp%2Fv2%2Fcomments&post=307"}],"version-history":[{"count":2,"href":"https:\/\/buenosayres.com.ar\/index.php?rest_route=\/wp\/v2\/posts\/307\/revisions"}],"predecessor-version":[{"id":310,"href":"https:\/\/buenosayres.com.ar\/index.php?rest_route=\/wp\/v2\/posts\/307\/revisions\/310"}],"wp:featuredmedia":[{"embeddable":true,"href":"https:\/\/buenosayres.com.ar\/index.php?rest_route=\/wp\/v2\/media\/308"}],"wp:attachment":[{"href":"https:\/\/buenosayres.com.ar\/index.php?rest_route=%2Fwp%2Fv2%2Fmedia&parent=307"}],"wp:term":[{"taxonomy":"category","embeddable":true,"href":"https:\/\/buenosayres.com.ar\/index.php?rest_route=%2Fwp%2Fv2%2Fcategories&post=307"},{"taxonomy":"post_tag","embeddable":true,"href":"https:\/\/buenosayres.com.ar\/index.php?rest_route=%2Fwp%2Fv2%2Ftags&post=307"}],"curies":[{"name":"wp","href":"https:\/\/api.w.org\/{rel}","templated":true}]}}