{"id":425,"date":"2026-08-30T10:00:44","date_gmt":"2026-08-30T13:00:44","guid":{"rendered":"https:\/\/buenosayres.com.ar\/?p=425"},"modified":"2026-08-24T10:47:02","modified_gmt":"2026-08-24T13:47:02","slug":"estudiantes-de-la-ciudad-participaron-de-tribu-festival-2026","status":"publish","type":"post","link":"https:\/\/buenosayres.com.ar\/?p=425","title":{"rendered":"Estudiantes de la Ciudad participaron de TRIBU Festival 2026"},"content":{"rendered":"<p>Una jornada que combin\u00f3 tecnolog\u00eda, creatividad y emprendimiento social, con espacios para intercambiar con referentes y explorar intereses vinculados con su futuro.<\/p>\n<p>En el marco del programa Vinculaci\u00f3n con el Futuro del Ministerio de Educaci\u00f3n de la Ciudad, m\u00e1s de 100 j\u00f3venes participaron de TRIBU Festival 2026, una propuesta que busca acercarlos a distintas experiencias vinculadas con el mundo del trabajo y acompa\u00f1arlos en la construcci\u00f3n de sus proyectos de futuro.<\/p>\n<p>A lo largo de la jornada, los estudiantes participaron de charlas, actividades y espacios de intercambio vinculados con la tecnolog\u00eda, la creatividad, el emprendimiento social y el impacto positivo. Adem\u00e1s, tuvieron la posibilidad de conocer y conversar con emprendedores y referentes de distintos sectores.<\/p>\n<p>Uno de los momentos destacados fue el panel central \u00abTrabajo, tecnolog\u00eda y prop\u00f3sito: claves para una nueva generaci\u00f3n\u00bb, que reuni\u00f3 a Abril Perazzini, defensora de la juventud por los derechos digitales de UNICEF Argentina; Nicol\u00e1s Torres, referente social; y Mart\u00edn Nistal, director del Observatorio de Argentinos por la Educaci\u00f3n, con la moderaci\u00f3n de Lorena Oliva, periodista especializada en juventudes.<\/p>\n<p>TRIBU Festival forma parte de las microexperiencias de Vinculaci\u00f3n con el Futuro, que acercan a los estudiantes a distintos espacios y experiencias de aprendizaje vinculados con el mundo del trabajo. En este marco, la propuesta busca que los j\u00f3venes puedan explorar sus intereses, conocer nuevas perspectivas y contar con herramientas para pensar y construir su futuro.<\/p>\n","protected":false},"excerpt":{"rendered":"<p>Una jornada que combin\u00f3 tecnolog\u00eda, creatividad y emprendimiento social, con espacios para intercambiar con referentes y explorar intereses vinculados con su futuro. En el marco del programa Vinculaci\u00f3n con el Futuro del Ministerio de Educaci\u00f3n de la Ciudad, m\u00e1s de 100 j\u00f3venes participaron de TRIBU Festival 2026, una propuesta que busca acercarlos a distintas experiencias &hellip; <\/p>\n<p class=\"link-more\"><a href=\"https:\/\/buenosayres.com.ar\/?p=425\" class=\"more-link\">Continue reading<span class=\"screen-reader-text\"> &#8220;Estudiantes de la Ciudad participaron de TRIBU Festival 2026&#8221;<\/span><\/a><\/p>\n","protected":false},"author":2,"featured_media":429,"comment_status":"open","ping_status":"open","sticky":false,"template":"","format":"standard","meta":{"footnotes":""},"categories":[1],"tags":[],"class_list":["post-425","post","type-post","status-publish","format-standard","has-post-thumbnail","hentry","category-general"],"_links":{"self":[{"href":"https:\/\/buenosayres.com.ar\/index.php?rest_route=\/wp\/v2\/posts\/425"}],"collection":[{"href":"https:\/\/buenosayres.com.ar\/index.php?rest_route=\/wp\/v2\/posts"}],"about":[{"href":"https:\/\/buenosayres.com.ar\/index.php?rest_route=\/wp\/v2\/types\/post"}],"author":[{"embeddable":true,"href":"https:\/\/buenosayres.com.ar\/index.php?rest_route=\/wp\/v2\/users\/2"}],"replies":[{"embeddable":true,"href":"https:\/\/buenosayres.com.ar\/index.php?rest_route=%2Fwp%2Fv2%2Fcomments&post=425"}],"version-history":[{"count":1,"href":"https:\/\/buenosayres.com.ar\/index.php?rest_route=\/wp\/v2\/posts\/425\/revisions"}],"predecessor-version":[{"id":427,"href":"https:\/\/buenosayres.com.ar\/index.php?rest_route=\/wp\/v2\/posts\/425\/revisions\/427"}],"wp:featuredmedia":[{"embeddable":true,"href":"https:\/\/buenosayres.com.ar\/index.php?rest_route=\/wp\/v2\/media\/429"}],"wp:attachment":[{"href":"https:\/\/buenosayres.com.ar\/index.php?rest_route=%2Fwp%2Fv2%2Fmedia&parent=425"}],"wp:term":[{"taxonomy":"category","embeddable":true,"href":"https:\/\/buenosayres.com.ar\/index.php?rest_route=%2Fwp%2Fv2%2Fcategories&post=425"},{"taxonomy":"post_tag","embeddable":true,"href":"https:\/\/buenosayres.com.ar\/index.php?rest_route=%2Fwp%2Fv2%2Ftags&post=425"}],"curies":[{"name":"wp","href":"https:\/\/api.w.org\/{rel}","templated":true}]}}