{"id":432,"date":"2026-08-31T17:19:36","date_gmt":"2026-08-31T20:19:36","guid":{"rendered":"https:\/\/buenosayres.com.ar\/?p=432"},"modified":"2026-08-31T17:22:47","modified_gmt":"2026-08-31T20:22:47","slug":"la-semana-del-arbol-cerro-con-plantaciones-y-una-jornada-educativa-en-el-vivero-de-la-ciudad","status":"publish","type":"post","link":"https:\/\/buenosayres.com.ar\/?p=432","title":{"rendered":"La Semana del \u00c1rbol cerr\u00f3 con plantaciones y una jornada educativa en el Vivero de la Ciudad"},"content":{"rendered":"<p>La Ciudad celebr\u00f3 una <strong>nueva edici\u00f3n de la Semana del \u00c1rbol<\/strong> con una agenda de actividades desarrollada entre el 19 y el 28 de agosto. Durante esos d\u00edas, escuelas, especialistas e instituciones participaron de plantaciones, recorridos educativos y charlas destinadas a promover el conocimiento, el cuidado y la preservaci\u00f3n del arbolado porte\u00f1o.<\/p>\n<p>El jueves 28 de agosto se llevaron a cabo las \u00faltimas actividades de esta edici\u00f3n 2026 de la Semana del \u00c1rbol, con nuevas jornadas destinadas a acercar a los vecinos y a la comunidad educativa al conocimiento y cuidado del patrimonio verde de la Ciudad.<\/p>\n<p>Durante el comienzo de la jornada se realizaron <strong>plantaciones de \u00e1rboles en la Comuna 3<\/strong>, junto a alumnos de la Escuela E.P.C. N\u00b0 7 D.E. 6 &#8220;Olegario V\u00edctor Andrade\u201d <strong>y en la Comuna 11<\/strong>, con alumnos del Jard\u00edn Antonio Berni.<\/p>\n<p>Asimismo, el Vivero de la Ciudad recibi\u00f3 a distintos grupos de alumnos de escuelas porte\u00f1as para compartir una <strong>charla informativa sobre las nociones elementales del arbolado urbano<\/strong>. Durante la jornada se abordaron temas vinculados con el proceso productivo de los \u00e1rboles, sus ciclos biol\u00f3gicos, los cuidados necesarios, la diversidad de especies y el valor del arbolado p\u00fablico en las ciudades.<\/p>\n<p>La visita tambi\u00e9n incluy\u00f3 un recorrido guiado por el vivero, actividades de plantaci\u00f3n y siembra, y la posibilidad de que cada participante se llevara un plant\u00edn a su casa para continuar, desde su propio entorno, el v\u00ednculo con la naturaleza y el cuidado de los \u00e1rboles.<\/p>\n<p>La agenda de la Semana del \u00c1rbol comenz\u00f3 con un recorrido educativo por el Jard\u00edn Bot\u00e1nico Lucien Hauman, ubicado en la Facultad de Agronom\u00eda de la Universidad de Buenos Aires (FAUBA). La propuesta reuni\u00f3 a alumnos de s\u00e9ptimo grado de la Escuela N\u00ba 22 de Agronom\u00eda, quienes pudieron recorrer este espacio, reconocer distintas especies y observar sus hojas, flores, frutos, formas y caracter\u00edsticas.<\/p>\n<p>La agenda tambi\u00e9n incluy\u00f3 una jornada de plantaci\u00f3n junto a alumnos de la Escuela Primaria Com\u00fan N\u00ba 2 \u201cJuan Larrea\u201d, en la Comuna 2, y una charla virtual para docentes titulada \u201cComprender c\u00f3mo crece un \u00e1rbol es el primer paso para protegerlo\u201d.<\/p>\n<p>Adem\u00e1s, se realizaron nuevas plantaciones en distintas comunas y un recorrido por el parque Barrancas de Belgrano junto a alumnos de la Escuela Normal Superior N\u00ba 10 D.E. 10, quienes pudieron conocer las caracter\u00edsticas y el valor ambiental de este espacio verde.<\/p>\n<p>La Semana del \u00c1rbol fue organizada por la Secretar\u00eda de Gobierno y V\u00ednculo Ciudadano de la Ciudad, a trav\u00e9s de la Direcci\u00f3n General de Arbolado, en el marco de las acciones destinadas al mantenimiento y preservaci\u00f3n del patrimonio verde porte\u00f1o.<\/p>\n<p>A trav\u00e9s de estas iniciativas, la Ciudad contin\u00faa promoviendo el conocimiento y la valoraci\u00f3n del arbolado p\u00fablico, fundamental para mejorar la calidad de vida de los vecinos, moderar las temperaturas, brindar sombra, favorecer la biodiversidad y mejorar las condiciones de los espacios p\u00fablicos.<\/p>\n","protected":false},"excerpt":{"rendered":"<p>La Ciudad celebr\u00f3 una nueva edici\u00f3n de la Semana del \u00c1rbol con una agenda de actividades desarrollada entre el 19 y el 28 de agosto. Durante esos d\u00edas, escuelas, especialistas e instituciones participaron de plantaciones, recorridos educativos y charlas destinadas a promover el conocimiento, el cuidado y la preservaci\u00f3n del arbolado porte\u00f1o. El jueves 28 &hellip; <\/p>\n<p class=\"link-more\"><a href=\"https:\/\/buenosayres.com.ar\/?p=432\" class=\"more-link\">Continue reading<span class=\"screen-reader-text\"> &#8220;La Semana del \u00c1rbol cerr\u00f3 con plantaciones y una jornada educativa en el Vivero de la Ciudad&#8221;<\/span><\/a><\/p>\n","protected":false},"author":1,"featured_media":438,"comment_status":"open","ping_status":"open","sticky":false,"template":"","format":"standard","meta":{"footnotes":""},"categories":[1],"tags":[],"class_list":["post-432","post","type-post","status-publish","format-standard","has-post-thumbnail","hentry","category-general"],"_links":{"self":[{"href":"https:\/\/buenosayres.com.ar\/index.php?rest_route=\/wp\/v2\/posts\/432"}],"collection":[{"href":"https:\/\/buenosayres.com.ar\/index.php?rest_route=\/wp\/v2\/posts"}],"about":[{"href":"https:\/\/buenosayres.com.ar\/index.php?rest_route=\/wp\/v2\/types\/post"}],"author":[{"embeddable":true,"href":"https:\/\/buenosayres.com.ar\/index.php?rest_route=\/wp\/v2\/users\/1"}],"replies":[{"embeddable":true,"href":"https:\/\/buenosayres.com.ar\/index.php?rest_route=%2Fwp%2Fv2%2Fcomments&post=432"}],"version-history":[{"count":4,"href":"https:\/\/buenosayres.com.ar\/index.php?rest_route=\/wp\/v2\/posts\/432\/revisions"}],"predecessor-version":[{"id":436,"href":"https:\/\/buenosayres.com.ar\/index.php?rest_route=\/wp\/v2\/posts\/432\/revisions\/436"}],"wp:featuredmedia":[{"embeddable":true,"href":"https:\/\/buenosayres.com.ar\/index.php?rest_route=\/wp\/v2\/media\/438"}],"wp:attachment":[{"href":"https:\/\/buenosayres.com.ar\/index.php?rest_route=%2Fwp%2Fv2%2Fmedia&parent=432"}],"wp:term":[{"taxonomy":"category","embeddable":true,"href":"https:\/\/buenosayres.com.ar\/index.php?rest_route=%2Fwp%2Fv2%2Fcategories&post=432"},{"taxonomy":"post_tag","embeddable":true,"href":"https:\/\/buenosayres.com.ar\/index.php?rest_route=%2Fwp%2Fv2%2Ftags&post=432"}],"curies":[{"name":"wp","href":"https:\/\/api.w.org\/{rel}","templated":true}]}}