{"id":445,"date":"2026-08-22T17:00:59","date_gmt":"2026-08-22T20:00:59","guid":{"rendered":"https:\/\/buenosayres.com.ar\/?p=445"},"modified":"2026-08-31T17:44:48","modified_gmt":"2026-08-31T20:44:48","slug":"nuevo-edificio-comunal","status":"publish","type":"post","link":"https:\/\/buenosayres.com.ar\/?p=445","title":{"rendered":"Nuevo edificio comunal"},"content":{"rendered":"<p>La Comuna 14 contin\u00faa con el traslado de su sede comunal a un nuevo edificio, donde funcionar\u00e1n los principales servicios de atenci\u00f3n para los vecinos. La nueva sede permitir\u00e1 concentrar las distintas prestaciones en un espacio renovado, con mejores condiciones para la atenci\u00f3n al p\u00fablico y el desarrollo de las tareas diarias.<\/p>\n<p>Durante el proceso de mudanza, que se realizar\u00e1 de manera progresiva, las \u00e1reas ir\u00e1n retomando su funcionamiento en las nuevas instalaciones. <strong>La fecha de apertura de la nueva sede se informar\u00e1 en cuanto est\u00e9 confirmada<\/strong>.<\/p>\n<p>En la nueva sede funcionar\u00e1n los servicios de Atenci\u00f3n Ciudadana, Isla Digital, renovaci\u00f3n y otorgamiento de licencias de conducir, Registro Civil \u2014con tr\u00e1mites de matrimonios e informaciones sumarias\u2014, atenci\u00f3n de infracciones y resoluci\u00f3n de actas con controlador, la Sede de Atenci\u00f3n Social, los programas de beneficios sociales, el Certificado \u00danico de Discapacidad (CUD) y la Defensor\u00eda de Ni\u00f1os, Ni\u00f1as y Adolescentes.<\/p>\n<p>Mientras se completa el traslado, los vecinos podr\u00e1n acercarse a las sedes comunales m\u00e1s cercanas:<\/p>\n<ul>\n<li>Comuna 2: <a href=\"https:\/\/mapa.buenosaires.gob.ar\/informacion\/?lat=-34.596652&amp;lng=-58.398936&amp;zl=15&amp;modo=transporte&amp;dir=Uriburu+Jose+E.%2C+Pres.+1022&amp;ilat=-34.596652&amp;ilng=-58.398936&amp;fid=sedes_de_comunas%7C2\">Pres. Jos\u00e9 Evaristo Uriburu 1022<\/a>.<\/li>\n<li>Comuna 13: <a href=\"https:\/\/mapa.buenosaires.gob.ar\/informacion\/?lat=-34.553737&amp;lng=-58.463926&amp;zl=15&amp;modo=transporte&amp;dir=Cabildo+Av.+3067&amp;ilat=-34.553737&amp;ilng=-58.463926&amp;fid=sedes_de_comunas%7C13\">Av. Cabildo 3067<\/a>.<\/li>\n<li>Comuna 15: <a href=\"https:\/\/mapa.buenosaires.gob.ar\/informacion\/?lat=-34.587038&amp;lng=-58.441441&amp;zl=15&amp;modo=transporte&amp;dir=Sede+Comunal+15&amp;ilat=-34.587038&amp;ilng=-58.441441&amp;fid=sedes_de_comunas%7C15\">Av. C\u00f3rdoba 5690<\/a>.<\/li>\n<\/ul>\n<p>Asimismo, seguir\u00e1n disponibles los canales de atenci\u00f3n habituales, a trav\u00e9s de <a href=\"https:\/\/bacolaborativa.buenosaires.gob.ar\/\">Gesti\u00f3n Colaborativa<\/a>, donde encontrar\u00e1n informaci\u00f3n sobre tr\u00e1mites y servicios. La l\u00ednea 147 y, adem\u00e1s, la aplicaci\u00f3n <a href=\"https:\/\/bax.buenosaires.gob.ar\/\">BAX<\/a>, con inteligencia artificial, que permite realizar consultas y acceder a informaci\u00f3n de forma r\u00e1pida y sencilla desde el celular.<\/p>\n<p>La Comuna 14 tambi\u00e9n continuar\u00e1 informando las novedades sobre el funcionamiento de la nueva sede, los servicios disponibles y cualquier actualizaci\u00f3n vinculada con la atenci\u00f3n al p\u00fablico a trav\u00e9s de su cuenta oficial de Instagram, <a href=\"https:\/\/www.instagram.com\/bacomuna14\/\">@bacomuna14<\/a>.<\/p>\n","protected":false},"excerpt":{"rendered":"<p>La Comuna 14 contin\u00faa con el traslado de su sede comunal a un nuevo edificio, donde funcionar\u00e1n los principales servicios de atenci\u00f3n para los vecinos. La nueva sede permitir\u00e1 concentrar las distintas prestaciones en un espacio renovado, con mejores condiciones para la atenci\u00f3n al p\u00fablico y el desarrollo de las tareas diarias. Durante el proceso &hellip; <\/p>\n<p class=\"link-more\"><a href=\"https:\/\/buenosayres.com.ar\/?p=445\" class=\"more-link\">Continue reading<span class=\"screen-reader-text\"> &#8220;Nuevo edificio comunal&#8221;<\/span><\/a><\/p>\n","protected":false},"author":1,"featured_media":446,"comment_status":"open","ping_status":"open","sticky":false,"template":"","format":"standard","meta":{"footnotes":""},"categories":[1],"tags":[],"class_list":["post-445","post","type-post","status-publish","format-standard","has-post-thumbnail","hentry","category-general"],"_links":{"self":[{"href":"https:\/\/buenosayres.com.ar\/index.php?rest_route=\/wp\/v2\/posts\/445"}],"collection":[{"href":"https:\/\/buenosayres.com.ar\/index.php?rest_route=\/wp\/v2\/posts"}],"about":[{"href":"https:\/\/buenosayres.com.ar\/index.php?rest_route=\/wp\/v2\/types\/post"}],"author":[{"embeddable":true,"href":"https:\/\/buenosayres.com.ar\/index.php?rest_route=\/wp\/v2\/users\/1"}],"replies":[{"embeddable":true,"href":"https:\/\/buenosayres.com.ar\/index.php?rest_route=%2Fwp%2Fv2%2Fcomments&post=445"}],"version-history":[{"count":1,"href":"https:\/\/buenosayres.com.ar\/index.php?rest_route=\/wp\/v2\/posts\/445\/revisions"}],"predecessor-version":[{"id":447,"href":"https:\/\/buenosayres.com.ar\/index.php?rest_route=\/wp\/v2\/posts\/445\/revisions\/447"}],"wp:featuredmedia":[{"embeddable":true,"href":"https:\/\/buenosayres.com.ar\/index.php?rest_route=\/wp\/v2\/media\/446"}],"wp:attachment":[{"href":"https:\/\/buenosayres.com.ar\/index.php?rest_route=%2Fwp%2Fv2%2Fmedia&parent=445"}],"wp:term":[{"taxonomy":"category","embeddable":true,"href":"https:\/\/buenosayres.com.ar\/index.php?rest_route=%2Fwp%2Fv2%2Fcategories&post=445"},{"taxonomy":"post_tag","embeddable":true,"href":"https:\/\/buenosayres.com.ar\/index.php?rest_route=%2Fwp%2Fv2%2Ftags&post=445"}],"curies":[{"name":"wp","href":"https:\/\/api.w.org\/{rel}","templated":true}]}}