{"id":448,"date":"2026-08-20T17:00:52","date_gmt":"2026-08-20T20:00:52","guid":{"rendered":"https:\/\/buenosayres.com.ar\/?p=448"},"modified":"2026-08-31T17:48:05","modified_gmt":"2026-08-31T20:48:05","slug":"la-ciudad-brindo-herramientas-a-los-espacios-de-primera-infancia-para-abordar-el-uso-de-pantallas","status":"publish","type":"post","link":"https:\/\/buenosayres.com.ar\/?p=448","title":{"rendered":"La Ciudad brind\u00f3 herramientas a los Espacios de Primera Infancia para abordar el uso de pantallas"},"content":{"rendered":"<p>Directivos y referentes de los Centros de Primera Infancia (CPI) y los Centros de Desarrollo Infantil (CDI) participaron de un encuentro, junto a especialistas de Red por la Infancia y la Sociedad Argentina de Pediatr\u00eda, para trabajar sobre el impacto de las pantallas las infancias y generar herramientas para acompa\u00f1ar a las familias.<\/p>\n<p>Se realiz\u00f3 una nueva actividad de <strong>\u201cVolvamos a mirarnos\u201d<\/strong>, un programa que aporta a la Estrategia de Primera Infancia de la Ciudad a trav\u00e9s de acciones de prevenci\u00f3n, sensibilizaci\u00f3n y generaci\u00f3n de herramientas para acompa\u00f1ar los desaf\u00edos que atraviesan las familias durante los primeros a\u00f1os de vida de los chicos.<\/p>\n<p>La iniciativa es impulsada de manera articulada por la <strong><a href=\"https:\/\/buenosaires.gob.ar\/perfil_institucional\/direccion-general-de-transformacion-cultural\">Direcci\u00f3n General de Transformaci\u00f3n Cultural<\/a><\/strong>, de la Subsecretar\u00eda de Cultura Ciudadana y Responsabilidad Social, y la <strong><a href=\"https:\/\/buenosaires.gob.ar\/perfil_institucional\/direccion-general-primera-infancia-ninez-y-adolescencia\">Direcci\u00f3n General de Primera Infancia, Ni\u00f1ez y Adolescencia<\/a><\/strong>, del Ministerio de Desarrollo Humano y H\u00e1bitat.<\/p>\n<p>El encuentro se realiz\u00f3 en la Casa de Gobierno y reuni\u00f3 a directivos y referentes de <a href=\"https:\/\/buenosaires.gob.ar\/gcaba_historico\/centros-de-primera-infancia\"><strong>Centros de Primera Infancia (CPI)<\/strong><\/a> y <a href=\"https:\/\/buenosaires.gob.ar\/gcaba_historico\/centros-de-desarrollo-infantil\"><strong>Centros de Desarrollo Infantil (CDI)<\/strong><\/a> para abordar el impacto del uso de pantallas durante los primeros a\u00f1os de vida y fortalecer las herramientas de los equipos que acompa\u00f1an cotidianamente a ni\u00f1os, ni\u00f1as y sus familias.<\/p>\n<p>La jornada cont\u00f3 con la participaci\u00f3n de Paula Wachter, fundadora y directora ejecutiva de <strong>Red por la Infancia<\/strong>, y de la Dra. Silvina Pedrouzo, presidenta de la Subcomisi\u00f3n de Tecnolog\u00edas de Informaci\u00f3n y Comunicaci\u00f3n de la <strong>Sociedad Argentina de Pediatr\u00eda (SAP)<\/strong>.<\/p>\n","protected":false},"excerpt":{"rendered":"<p>Directivos y referentes de los Centros de Primera Infancia (CPI) y los Centros de Desarrollo Infantil (CDI) participaron de un encuentro, junto a especialistas de Red por la Infancia y la Sociedad Argentina de Pediatr\u00eda, para trabajar sobre el impacto de las pantallas las infancias y generar herramientas para acompa\u00f1ar a las familias. Se realiz\u00f3 &hellip; <\/p>\n<p class=\"link-more\"><a href=\"https:\/\/buenosayres.com.ar\/?p=448\" class=\"more-link\">Continue reading<span class=\"screen-reader-text\"> &#8220;La Ciudad brind\u00f3 herramientas a los Espacios de Primera Infancia para abordar el uso de pantallas&#8221;<\/span><\/a><\/p>\n","protected":false},"author":1,"featured_media":449,"comment_status":"open","ping_status":"open","sticky":false,"template":"","format":"standard","meta":{"footnotes":""},"categories":[1],"tags":[],"class_list":["post-448","post","type-post","status-publish","format-standard","has-post-thumbnail","hentry","category-general"],"_links":{"self":[{"href":"https:\/\/buenosayres.com.ar\/index.php?rest_route=\/wp\/v2\/posts\/448"}],"collection":[{"href":"https:\/\/buenosayres.com.ar\/index.php?rest_route=\/wp\/v2\/posts"}],"about":[{"href":"https:\/\/buenosayres.com.ar\/index.php?rest_route=\/wp\/v2\/types\/post"}],"author":[{"embeddable":true,"href":"https:\/\/buenosayres.com.ar\/index.php?rest_route=\/wp\/v2\/users\/1"}],"replies":[{"embeddable":true,"href":"https:\/\/buenosayres.com.ar\/index.php?rest_route=%2Fwp%2Fv2%2Fcomments&post=448"}],"version-history":[{"count":1,"href":"https:\/\/buenosayres.com.ar\/index.php?rest_route=\/wp\/v2\/posts\/448\/revisions"}],"predecessor-version":[{"id":450,"href":"https:\/\/buenosayres.com.ar\/index.php?rest_route=\/wp\/v2\/posts\/448\/revisions\/450"}],"wp:featuredmedia":[{"embeddable":true,"href":"https:\/\/buenosayres.com.ar\/index.php?rest_route=\/wp\/v2\/media\/449"}],"wp:attachment":[{"href":"https:\/\/buenosayres.com.ar\/index.php?rest_route=%2Fwp%2Fv2%2Fmedia&parent=448"}],"wp:term":[{"taxonomy":"category","embeddable":true,"href":"https:\/\/buenosayres.com.ar\/index.php?rest_route=%2Fwp%2Fv2%2Fcategories&post=448"},{"taxonomy":"post_tag","embeddable":true,"href":"https:\/\/buenosayres.com.ar\/index.php?rest_route=%2Fwp%2Fv2%2Ftags&post=448"}],"curies":[{"name":"wp","href":"https:\/\/api.w.org\/{rel}","templated":true}]}}