{"id":451,"date":"2026-08-18T17:00:28","date_gmt":"2026-08-18T20:00:28","guid":{"rendered":"https:\/\/buenosayres.com.ar\/?p=451"},"modified":"2026-08-31T17:51:31","modified_gmt":"2026-08-31T20:51:31","slug":"buenos-aires-sera-sede-del-primer-congreso-federal-de-ciudades-inteligentes","status":"publish","type":"post","link":"https:\/\/buenosayres.com.ar\/?p=451","title":{"rendered":"Buenos Aires ser\u00e1 sede del primer Congreso Federal de Ciudades Inteligentes"},"content":{"rendered":"<p>Con m\u00e1s de 300 ciudades convocadas, representaci\u00f3n de las 24 jurisdicciones del pa\u00eds y la participaci\u00f3n de m\u00e1s de 50 intendentes, el encuentro reunir\u00e1 a gobiernos, empresas, universidades y especialistas para debatir los desaf\u00edos que atraviesan hoy las ciudades y las oportunidades que abren la innovaci\u00f3n y la tecnolog\u00eda.<\/p>\n<p>URBAN CITIES Buenos Aires 2026 se realizar\u00e1 el mi\u00e9rcoles 2 de septiembre en la Usina del Arte. Con m\u00e1s de 300 ciudades convocadas, representaci\u00f3n de las 24 jurisdicciones del pa\u00eds y la participaci\u00f3n de m\u00e1s de 50 intendentes, el encuentro reunir\u00e1 a gobiernos, empresas, universidades y especialistas para debatir los desaf\u00edos que atraviesan hoy las ciudades y las oportunidades que abren la innovaci\u00f3n y la tecnolog\u00eda.<\/p>\n<p>Se trata del primer Congreso Federal de Ciudades Inteligentes, una iniciativa de la Unidad de Relaciones Federales y Vinculaci\u00f3n Interjurisdiccional del Gobierno de la Ciudad de Buenos Aires que busca generar un \u00e1mbito de intercambio y cooperaci\u00f3n entre ciudades de todo el pa\u00eds.<\/p>\n<p>Entre los participantes de URBAN CITIES Buenos Aires 2026 habr\u00e1 representantes de gobiernos locales y provinciales, empresas, startups y referentes acad\u00e9micos vinculados con la innovaci\u00f3n y la gesti\u00f3n urbana, en un formato pensado para favorecer el di\u00e1logo entre distintas realidades territoriales.<\/p>\n<p>La agenda incluir\u00e1 conferencias, paneles, presentaci\u00f3n de casos y espacios de intercambio y networking. Entre los principales ejes estar\u00e1n la transformaci\u00f3n digital, la inteligencia artificial, la gesti\u00f3n basada en datos, la seguridad, la sostenibilidad, la infraestructura y las nuevas herramientas aplicadas a la gesti\u00f3n p\u00fablica.<\/p>\n<p>Entre los <em><strong>speakers confirmados<\/strong><\/em> se encuentran Mateo Salvatto, especializado en rob\u00f3tica y fundador de Asteroid y Grondplek &amp; Apgreid; Andr\u00e9s Ibarra, presidente Fundaci\u00f3n Pa\u00eds Abierto y Digital; Franco Rodriguez Viau, cofundador y CEO de Satellites On Fire; \u00a0Francisco Forbes, presidente de Prodam San Pablo y l\u00edder global en tecnolog\u00eda municipal; Ra\u00fal Piola, secretario de Innovaci\u00f3n del Gobierno de la Ciudad de Buenos Aires; Pablo Bereciartua, Ministro de Infraestructura y Movilidad del Gobierno de la Ciudad de Buenos Aires; Dar\u00edo Nieto, Legislador por la Ciudad de Buenos Aires; Julio L\u00f3pez, especialista en ciberseguridad, fraude y tecnolog\u00eda; y C\u00e9sar Torres, Titular de la Unidad de Relaciones Federales y Vinculaci\u00f3n Interjurisdiccional y organizador del evento. En total, ser\u00e1n m\u00e1s de 50 speakers, entre funcionarios, especialistas, acad\u00e9micos y referentes del sector privado y del ecosistema emprendedor.<\/p>\n<p>La propuesta comenzar\u00e1 el 1 de septiembre con un encuentro destinado especialmente a equipos t\u00e9cnicos de ciudades, municipios y gobiernos provinciales de todo el pa\u00eds.<\/p>\n<p>El objetivo ser\u00e1 facilitar la circulaci\u00f3n de conocimiento entre jurisdicciones y acercar experiencias que puedan ser adaptadas y replicadas en distintos puntos del pa\u00eds.<\/p>\n<p>Quienes quieran participar de los talleres del 1 de septiembre podr\u00e1n solicitar informaci\u00f3n a urbancities@buenosaires.gob.ar.<\/p>\n<p>Esta primera edici\u00f3n apunta a generar v\u00ednculos que trasciendan este Congreso Federal y contribuyan a fortalecer una red de colaboraci\u00f3n entre gobiernos locales, sector privado, universidades y organizaciones vinculadas con el desarrollo de las ciudades.<\/p>\n<p><strong>URBAN CITIES Buenos Aires 2026<\/strong> se realizar\u00e1 el mi\u00e9rcoles 2 de septiembre, de 9.30 a 18 horas, en la Usina del Arte, en el barrio de La Boca. La <strong>participaci\u00f3n es abierta y gratuita, con inscripci\u00f3n previa<\/strong>.<\/p>\n<p>La agenda completa, los speakers, las organizaciones participantes, sponsors y la informaci\u00f3n para inscribirse est\u00e1n disponibles en el sitio oficial de URBAN CITIES Buenos Aires2026: <a title=\"https:\/\/buenosaires.gob.ar\/urban-cities-buenos-aires-2026\" href=\"https:\/\/buenosaires.gob.ar\/urban-cities-buenos-aires-2026\">https:\/\/buenosaires.gob.ar\/urban-cities-buenos-aires-2026<\/a><\/p>\n","protected":false},"excerpt":{"rendered":"<p>Con m\u00e1s de 300 ciudades convocadas, representaci\u00f3n de las 24 jurisdicciones del pa\u00eds y la participaci\u00f3n de m\u00e1s de 50 intendentes, el encuentro reunir\u00e1 a gobiernos, empresas, universidades y especialistas para debatir los desaf\u00edos que atraviesan hoy las ciudades y las oportunidades que abren la innovaci\u00f3n y la tecnolog\u00eda. URBAN CITIES Buenos Aires 2026 se &hellip; <\/p>\n<p class=\"link-more\"><a href=\"https:\/\/buenosayres.com.ar\/?p=451\" class=\"more-link\">Continue reading<span class=\"screen-reader-text\"> &#8220;Buenos Aires ser\u00e1 sede del primer Congreso Federal de Ciudades Inteligentes&#8221;<\/span><\/a><\/p>\n","protected":false},"author":1,"featured_media":452,"comment_status":"open","ping_status":"open","sticky":false,"template":"","format":"standard","meta":{"footnotes":""},"categories":[1],"tags":[],"class_list":["post-451","post","type-post","status-publish","format-standard","has-post-thumbnail","hentry","category-general"],"_links":{"self":[{"href":"https:\/\/buenosayres.com.ar\/index.php?rest_route=\/wp\/v2\/posts\/451"}],"collection":[{"href":"https:\/\/buenosayres.com.ar\/index.php?rest_route=\/wp\/v2\/posts"}],"about":[{"href":"https:\/\/buenosayres.com.ar\/index.php?rest_route=\/wp\/v2\/types\/post"}],"author":[{"embeddable":true,"href":"https:\/\/buenosayres.com.ar\/index.php?rest_route=\/wp\/v2\/users\/1"}],"replies":[{"embeddable":true,"href":"https:\/\/buenosayres.com.ar\/index.php?rest_route=%2Fwp%2Fv2%2Fcomments&post=451"}],"version-history":[{"count":2,"href":"https:\/\/buenosayres.com.ar\/index.php?rest_route=\/wp\/v2\/posts\/451\/revisions"}],"predecessor-version":[{"id":454,"href":"https:\/\/buenosayres.com.ar\/index.php?rest_route=\/wp\/v2\/posts\/451\/revisions\/454"}],"wp:featuredmedia":[{"embeddable":true,"href":"https:\/\/buenosayres.com.ar\/index.php?rest_route=\/wp\/v2\/media\/452"}],"wp:attachment":[{"href":"https:\/\/buenosayres.com.ar\/index.php?rest_route=%2Fwp%2Fv2%2Fmedia&parent=451"}],"wp:term":[{"taxonomy":"category","embeddable":true,"href":"https:\/\/buenosayres.com.ar\/index.php?rest_route=%2Fwp%2Fv2%2Fcategories&post=451"},{"taxonomy":"post_tag","embeddable":true,"href":"https:\/\/buenosayres.com.ar\/index.php?rest_route=%2Fwp%2Fv2%2Ftags&post=451"}],"curies":[{"name":"wp","href":"https:\/\/api.w.org\/{rel}","templated":true}]}}